{"id":347,"date":"2025-08-20T10:42:29","date_gmt":"2025-08-20T08:42:29","guid":{"rendered":"https:\/\/raimbault.archi\/?p=347"},"modified":"2025-08-20T10:47:27","modified_gmt":"2025-08-20T08:47:27","slug":"renovation-dune-maison-denfants","status":"publish","type":"post","link":"https:\/\/raimbault.archi\/index.php\/2025\/08\/20\/renovation-dune-maison-denfants\/","title":{"rendered":"R\u00e9novation d&#8217;une maison d&#8217;enfants"},"content":{"rendered":"\n<div class=\"wp-block-columns is-layout-flex wp-container-core-columns-is-layout-28f84493 wp-block-columns-is-layout-flex\">\n<div class=\"wp-block-column is-layout-flow wp-block-column-is-layout-flow\" style=\"flex-basis:33.33%\">\n<p class=\"has-text-align-right\" style=\"font-size:14px\"><strong>Ma\u00eetrise d&#8217;ouvrage : <\/strong>priv\u00e9e<br><br><strong>Lieu :<\/strong> Richardm\u00e9nil<br><br>S<strong>urface int\u00e9rieure :<\/strong> <br>100 m\u00b2 r\u00e9nov\u00e9s<br>60 m\u00b2 en extension<br><br><strong>Programme :<\/strong><br>Maison d&#8217;enfants \u00e0 caract\u00e8re social de 6 places<br><br><strong>Statut :<\/strong><br>D\u00e9marrage travaux sept. 2025, livraison pr\u00e9vue ao\u00fbt 2026<\/p>\n<\/div>\n\n\n\n<div class=\"wp-block-column is-layout-flow wp-block-column-is-layout-flow\" style=\"flex-basis:66.66%\">\n<p>La maison des enfants est un b\u00e2timent d\u00e9di\u00e9 \u00e0 l&#8217;habitation d&#8217;enfants plac\u00e9s par l&#8217;aide sociale \u00e0 l&#8217;enfance (ASE), qui y trouvent un foyer, encadr\u00e9 par des tuteurs, assistants et psychologues. La maison est ainsi occup\u00e9e par des chambres, des espaces de vie, mais aussi des bureaux pour les professionnels encadrants.<\/p>\n\n\n\n<p>La maison des enfants de Richardm\u00e9nil prend place dans un pavillon existant. Le diagnostic a r\u00e9v\u00e9l\u00e9 de graves d\u00e9ficits structurels au niveau du premier \u00e9tage du b\u00e2timent, qui avait fait l&#8217;objet d&#8217;une sur\u00e9l\u00e9vation il y a 25 ans, ce qui a orient\u00e9 le projet vers une r\u00e9novation du seul rez-de-chauss\u00e9e du b\u00e2timent existant et la cr\u00e9ation d&#8217;une extension pour compl\u00e9ter les surfaces manquantes au programme.<\/p>\n\n\n\n<p>La r\u00e9habilitation vise \u00e0 retrouver le gabarit de la maison d&#8217;origine, avant sur\u00e9l\u00e9vation. Un d\u00e9samiantage pr\u00e9alable et un curage pendant les \u00e9tudes ont permis de retrouver un plateau nu \u00e0 r\u00e9am\u00e9nager. La configuration du bien existant est transform\u00e9e par le d\u00e9placement de l&#8217;entr\u00e9e de la fa\u00e7ade sud \u00e0 la fa\u00e7ade nord, ce qui a permis la r\u00e9alisation de l&#8217;extension contre la fa\u00e7ade sud.<\/p>\n<\/div>\n<\/div>\n\n\n\n<figure class=\"wp-block-image size-full\"><img loading=\"lazy\" decoding=\"async\" width=\"1920\" height=\"1080\" src=\"http:\/\/raimbault.archi\/wp-content\/uploads\/2025\/08\/Image1_001.jpg\" alt=\"\" class=\"wp-image-351\" srcset=\"https:\/\/raimbault.archi\/wp-content\/uploads\/2025\/08\/Image1_001.jpg 1920w, https:\/\/raimbault.archi\/wp-content\/uploads\/2025\/08\/Image1_001-1500x844.jpg 1500w, https:\/\/raimbault.archi\/wp-content\/uploads\/2025\/08\/Image1_001-768x432.jpg 768w, https:\/\/raimbault.archi\/wp-content\/uploads\/2025\/08\/Image1_001-1536x864.jpg 1536w\" sizes=\"auto, (max-width: 1920px) 100vw, 1920px\" \/><\/figure>\n\n\n\n<figure class=\"wp-block-image size-full\"><img loading=\"lazy\" decoding=\"async\" width=\"1920\" height=\"1080\" src=\"https:\/\/raimbault.archi\/wp-content\/uploads\/2025\/08\/Image3_000.jpg\" alt=\"\" class=\"wp-image-357\" srcset=\"https:\/\/raimbault.archi\/wp-content\/uploads\/2025\/08\/Image3_000.jpg 1920w, https:\/\/raimbault.archi\/wp-content\/uploads\/2025\/08\/Image3_000-1500x844.jpg 1500w, https:\/\/raimbault.archi\/wp-content\/uploads\/2025\/08\/Image3_000-768x432.jpg 768w, https:\/\/raimbault.archi\/wp-content\/uploads\/2025\/08\/Image3_000-1536x864.jpg 1536w\" sizes=\"auto, (max-width: 1920px) 100vw, 1920px\" \/><\/figure>\n\n\n\n<div class=\"wp-block-columns is-layout-flex wp-container-core-columns-is-layout-28f84493 wp-block-columns-is-layout-flex\">\n<div class=\"wp-block-column is-layout-flow wp-block-column-is-layout-flow\" style=\"flex-basis:33.33%\"><\/div>\n\n\n\n<div class=\"wp-block-column is-layout-flow wp-block-column-is-layout-flow\" style=\"flex-basis:66.66%\">\n<p>L&#8217;extension est un b\u00e2timent \u00e0 ossature bois avec un socle en b\u00e9ton qui s&#8217;ins\u00e8re dans la topographie, notamment en limite de propri\u00e9t\u00e9. Elle accueille les trois chambres d&#8217;enfants et leur salle de bains, en offrant des vues c\u00f4t\u00e9 rue et c\u00f4t\u00e9 jardin. Les variations de dimensions du b\u00e2timent permettent de faire des chambres plus ou moins grandes, habit\u00e9es par des enfants plus ou moins \u00e2g\u00e9s.<\/p>\n\n\n\n<p>L&#8217;enjeu du projet a \u00e9t\u00e9 de cr\u00e9er un lieu de vie qui permette l&#8217;\u00e9panouissement des enfants. Il s&#8217;agissait de leur proposer des espaces g\u00e9n\u00e9reux, ensoleill\u00e9s, avec des mat\u00e9rialit\u00e9s naturelles et apaisantes et une relation aux espaces ext\u00e9rieurs.<\/p>\n<\/div>\n<\/div>\n\n\n\n<figure class=\"wp-block-image size-large\"><img loading=\"lazy\" decoding=\"async\" width=\"3000\" height=\"1856\" src=\"https:\/\/raimbault.archi\/wp-content\/uploads\/2025\/08\/COM.1-Plan-projete-1-3000x1856.png\" alt=\"\" class=\"wp-image-354\" srcset=\"https:\/\/raimbault.archi\/wp-content\/uploads\/2025\/08\/COM.1-Plan-projete-1-3000x1856.png 3000w, https:\/\/raimbault.archi\/wp-content\/uploads\/2025\/08\/COM.1-Plan-projete-1-1500x928.png 1500w, https:\/\/raimbault.archi\/wp-content\/uploads\/2025\/08\/COM.1-Plan-projete-1-768x475.png 768w, https:\/\/raimbault.archi\/wp-content\/uploads\/2025\/08\/COM.1-Plan-projete-1-1536x950.png 1536w, https:\/\/raimbault.archi\/wp-content\/uploads\/2025\/08\/COM.1-Plan-projete-1-2048x1267.png 2048w\" sizes=\"auto, (max-width: 3000px) 100vw, 3000px\" \/><\/figure>\n\n\n\n<p>Vue en plan du b\u00e2timent projet\u00e9<\/p>\n","protected":false},"excerpt":{"rendered":"<p>Restructuration, r\u00e9novation et extension d&#8217;un pavillon en vue d&#8217;y cr\u00e9er une maison pour enfants.<\/p>\n","protected":false},"author":1,"featured_media":349,"comment_status":"open","ping_status":"open","sticky":false,"template":"","format":"standard","meta":{"footnotes":""},"categories":[6],"tags":[],"class_list":["post-347","post","type-post","status-publish","format-standard","has-post-thumbnail","hentry","category-projets-prives"],"_links":{"self":[{"href":"https:\/\/raimbault.archi\/index.php\/wp-json\/wp\/v2\/posts\/347","targetHints":{"allow":["GET"]}}],"collection":[{"href":"https:\/\/raimbault.archi\/index.php\/wp-json\/wp\/v2\/posts"}],"about":[{"href":"https:\/\/raimbault.archi\/index.php\/wp-json\/wp\/v2\/types\/post"}],"author":[{"embeddable":true,"href":"https:\/\/raimbault.archi\/index.php\/wp-json\/wp\/v2\/users\/1"}],"replies":[{"embeddable":true,"href":"https:\/\/raimbault.archi\/index.php\/wp-json\/wp\/v2\/comments?post=347"}],"version-history":[{"count":3,"href":"https:\/\/raimbault.archi\/index.php\/wp-json\/wp\/v2\/posts\/347\/revisions"}],"predecessor-version":[{"id":358,"href":"https:\/\/raimbault.archi\/index.php\/wp-json\/wp\/v2\/posts\/347\/revisions\/358"}],"wp:featuredmedia":[{"embeddable":true,"href":"https:\/\/raimbault.archi\/index.php\/wp-json\/wp\/v2\/media\/349"}],"wp:attachment":[{"href":"https:\/\/raimbault.archi\/index.php\/wp-json\/wp\/v2\/media?parent=347"}],"wp:term":[{"taxonomy":"category","embeddable":true,"href":"https:\/\/raimbault.archi\/index.php\/wp-json\/wp\/v2\/categories?post=347"},{"taxonomy":"post_tag","embeddable":true,"href":"https:\/\/raimbault.archi\/index.php\/wp-json\/wp\/v2\/tags?post=347"}],"curies":[{"name":"wp","href":"https:\/\/api.w.org\/{rel}","templated":true}]}}